{"id":767,"date":"2010-01-29T07:39:51","date_gmt":"2010-01-29T06:39:51","guid":{"rendered":"http:\/\/www.kdfjm.si\/?p=767"},"modified":"2015-10-11T21:28:05","modified_gmt":"2015-10-11T20:28:05","slug":"likovna-delavnica-krasenje-svec-2","status":"publish","type":"post","link":"https:\/\/www.kdfjm.si\/?p=767","title":{"rendered":"Likovna delavnica Kra\u0161enje sve\u010d"},"content":{"rendered":"<p>Vabimo vas na likovno delavnico kra\u0161enja sve\u010d v petek, 29. 1. 2010, ob  17.00 uri v dru\u0161tvene prostore na Slovensko cesto 30 v Menge\u0161.<\/p>\n<p><strong><a href=\"http:\/\/www.kdfjm.si\/?page_id=776\">Fotografije z delavnice<\/a><\/strong>.<\/p>\n<p><img data-recalc-dims=\"1\" loading=\"lazy\" decoding=\"async\" data-attachment-id=\"768\" data-permalink=\"https:\/\/www.kdfjm.si\/?attachment_id=768\" data-orig-file=\"https:\/\/i0.wp.com\/www.kdfjm.si\/wp-content\/uploads\/2010\/01\/SveceVabilo-slika.jpg?fit=1251%2C846&amp;ssl=1\" data-orig-size=\"1251,846\" data-comments-opened=\"1\" data-image-title=\"SveceVabilo slika\" data-image-description=\"\" data-image-caption=\"\" data-large-file=\"https:\/\/i0.wp.com\/www.kdfjm.si\/wp-content\/uploads\/2010\/01\/SveceVabilo-slika.jpg?fit=1024%2C692&amp;ssl=1\" class=\"aligncenter size-medium wp-image-768\" title=\"SveceVabilo slika\" src=\"https:\/\/i0.wp.com\/www.kdfjm.si\/wp-content\/uploads\/2010\/01\/SveceVabilo-slika-300x202.jpg?resize=300%2C202\" alt=\"\" width=\"300\" height=\"202\" srcset=\"https:\/\/i0.wp.com\/www.kdfjm.si\/wp-content\/uploads\/2010\/01\/SveceVabilo-slika.jpg?resize=300%2C202&amp;ssl=1 300w, https:\/\/i0.wp.com\/www.kdfjm.si\/wp-content\/uploads\/2010\/01\/SveceVabilo-slika.jpg?resize=1024%2C692&amp;ssl=1 1024w, https:\/\/i0.wp.com\/www.kdfjm.si\/wp-content\/uploads\/2010\/01\/SveceVabilo-slika.jpg?w=1251&amp;ssl=1 1251w\" sizes=\"auto, (max-width: 300px) 100vw, 300px\" \/><\/p>\n","protected":false},"excerpt":{"rendered":"<p>Vabimo vas na likovno delavnico kra\u0161enja sve\u010d v petek, 29. 1. 2010, ob 17.00 uri v dru\u0161tvene prostore na Slovensko cesto 30 v Menge\u0161. Fotografije z delavnice.<\/p>\n","protected":false},"author":2,"featured_media":0,"comment_status":"closed","ping_status":"closed","sticky":false,"template":"","format":"standard","meta":{"_jetpack_newsletter_access":"","_jetpack_dont_email_post_to_subs":false,"_jetpack_newsletter_tier_id":0,"_jetpack_memberships_contains_paywalled_content":false,"_jetpack_memberships_contains_paid_content":false,"footnotes":""},"categories":[3],"tags":[],"class_list":["post-767","post","type-post","status-publish","format-standard","hentry","category-vabila"],"jetpack_sharing_enabled":true,"jetpack_shortlink":"https:\/\/wp.me\/p73nhm-cn","jetpack-related-posts":[],"jetpack_featured_media_url":"","_links":{"self":[{"href":"https:\/\/www.kdfjm.si\/index.php?rest_route=\/wp\/v2\/posts\/767","targetHints":{"allow":["GET"]}}],"collection":[{"href":"https:\/\/www.kdfjm.si\/index.php?rest_route=\/wp\/v2\/posts"}],"about":[{"href":"https:\/\/www.kdfjm.si\/index.php?rest_route=\/wp\/v2\/types\/post"}],"author":[{"embeddable":true,"href":"https:\/\/www.kdfjm.si\/index.php?rest_route=\/wp\/v2\/users\/2"}],"replies":[{"embeddable":true,"href":"https:\/\/www.kdfjm.si\/index.php?rest_route=%2Fwp%2Fv2%2Fcomments&post=767"}],"version-history":[{"count":5,"href":"https:\/\/www.kdfjm.si\/index.php?rest_route=\/wp\/v2\/posts\/767\/revisions"}],"predecessor-version":[{"id":3449,"href":"https:\/\/www.kdfjm.si\/index.php?rest_route=\/wp\/v2\/posts\/767\/revisions\/3449"}],"wp:attachment":[{"href":"https:\/\/www.kdfjm.si\/index.php?rest_route=%2Fwp%2Fv2%2Fmedia&parent=767"}],"wp:term":[{"taxonomy":"category","embeddable":true,"href":"https:\/\/www.kdfjm.si\/index.php?rest_route=%2Fwp%2Fv2%2Fcategories&post=767"},{"taxonomy":"post_tag","embeddable":true,"href":"https:\/\/www.kdfjm.si\/index.php?rest_route=%2Fwp%2Fv2%2Ftags&post=767"}],"curies":[{"name":"wp","href":"https:\/\/api.w.org\/{rel}","templated":true}]}}