{"id":1375,"date":"2011-07-12T14:18:35","date_gmt":"2011-07-12T13:18:35","guid":{"rendered":"http:\/\/www.kdfjm.si\/?p=1375"},"modified":"2015-10-11T21:28:49","modified_gmt":"2015-10-11T20:28:49","slug":"mozaiki-2011","status":"publish","type":"post","link":"https:\/\/www.kdfjm.si\/?p=1375","title":{"rendered":"Mozaiki 2011"},"content":{"rendered":"<p>V ponedeljek in torek, 11.7. in 12.7. 2011, smo z otroki na oratoriju izdelovali mozaike na pokrovih kanalizacijskih ja\u0161kov. Mozaike bomo namestili na ulice Meng\u0161a in tako nadaljevali idejo o galerijah na prostem, ki na izviren na\u010din lep\u0161ajo na\u0161 kraj.<\/p><div class=\"slideshow\"><div id=\"ngg_slideshow16713751\" class=\"ngg-slideshow owl-carousel\" style=\"max-width: px; max-height: px;\"><img data-recalc-dims=\"1\" decoding=\"async\" src=\"https:\/\/i0.wp.com\/www.kdfjm.si\/wp-content\/gallery\/mozaiki-na-oratoriju-2011\/20110712-5R9_0013.jpg?ssl=1\" alt=\"20110712-5R9_0013\" style=\"max-width: px; max-height: px; width: auto; height:auto; margin:auto\"><img data-recalc-dims=\"1\" decoding=\"async\" src=\"https:\/\/i0.wp.com\/www.kdfjm.si\/wp-content\/gallery\/mozaiki-na-oratoriju-2011\/20110712-5R9_0015.jpg?ssl=1\" alt=\"20110712-5R9_0015\" style=\"max-width: px; max-height: px; width: auto; height:auto; margin:auto\"><img data-recalc-dims=\"1\" decoding=\"async\" src=\"https:\/\/i0.wp.com\/www.kdfjm.si\/wp-content\/gallery\/mozaiki-na-oratoriju-2011\/20110712-5R9_0019.jpg?ssl=1\" alt=\"20110712-5R9_0019\" style=\"max-width: px; max-height: px; width: auto; height:auto; margin:auto\"><img data-recalc-dims=\"1\" decoding=\"async\" src=\"https:\/\/i0.wp.com\/www.kdfjm.si\/wp-content\/gallery\/mozaiki-na-oratoriju-2011\/20110712-5R9_0021.jpg?ssl=1\" alt=\"20110712-5R9_0021\" style=\"max-width: px; max-height: px; width: auto; height:auto; margin:auto\"><img data-recalc-dims=\"1\" decoding=\"async\" src=\"https:\/\/i0.wp.com\/www.kdfjm.si\/wp-content\/gallery\/mozaiki-na-oratoriju-2011\/20110712-5R9_0022.jpg?ssl=1\" alt=\"20110712-5R9_0022\" style=\"max-width: px; max-height: px; width: auto; height:auto; margin:auto\"><img data-recalc-dims=\"1\" decoding=\"async\" src=\"https:\/\/i0.wp.com\/www.kdfjm.si\/wp-content\/gallery\/mozaiki-na-oratoriju-2011\/20110712-5R9_0026.jpg?ssl=1\" alt=\"20110712-5R9_0026\" style=\"max-width: px; max-height: px; width: auto; height:auto; margin:auto\"><img data-recalc-dims=\"1\" decoding=\"async\" src=\"https:\/\/i0.wp.com\/www.kdfjm.si\/wp-content\/gallery\/mozaiki-na-oratoriju-2011\/20110712-5R9_0029.jpg?ssl=1\" alt=\"20110712-5R9_0029\" style=\"max-width: px; max-height: px; width: auto; height:auto; margin:auto\"><img data-recalc-dims=\"1\" decoding=\"async\" src=\"https:\/\/i0.wp.com\/www.kdfjm.si\/wp-content\/gallery\/mozaiki-na-oratoriju-2011\/20110712-5R9_0031.jpg?ssl=1\" alt=\"20110712-5R9_0031\" style=\"max-width: px; max-height: px; width: auto; height:auto; margin:auto\"><img data-recalc-dims=\"1\" decoding=\"async\" src=\"https:\/\/i0.wp.com\/www.kdfjm.si\/wp-content\/gallery\/mozaiki-na-oratoriju-2011\/20110712-5R9_0033.jpg?ssl=1\" alt=\"20110712-5R9_0033\" style=\"max-width: px; max-height: px; width: auto; height:auto; margin:auto\"><img data-recalc-dims=\"1\" decoding=\"async\" src=\"https:\/\/i0.wp.com\/www.kdfjm.si\/wp-content\/gallery\/mozaiki-na-oratoriju-2011\/20110712-5R9_0038.jpg?ssl=1\" alt=\"20110712-5R9_0038\" style=\"max-width: px; max-height: px; width: auto; height:auto; margin:auto\"><\/div><\/div>\n\n<script type=\"text\/javascript\">jQuery(document).ready(function($) {\r\n\t\t\tvar owl = $('#ngg_slideshow16713751');\r\n\t\t\towl.owlCarousel({\r\n\t\t\t\titems: 1,\r\n\t\t\t\tautoHeight: false,\r\n\t            dots: true,\r\n\t            autoplay: true,\r\n\t\t\t\tautoplayTimeout: 3000,\r\n\t\t\t\tautoplayHoverPause: true,\r\n\t\t\t\tanimateIn: 'fadeIn',\r\n\t\t\t\tanimateOut: 'fadeOut',\r\n\t\t\t\tloop: true,\r\n\t\t\t\tmouseDrag: true,\r\n\t\t\t\ttouchDrag: true\r\n\t\t\t});\nowl.click( function () {\r\n                    owl.trigger( 'next.owl.carousel' );\r\n                } );});\n<\/script><p>Z izdelovanjem mozaikov smo nadaljevali \u0161e v sredo in \u010detrtek, 13. in 14.7.2011, ko se nam je pridru\u017eila druga skupina otrok. Skupno smo naredili 6 mozaikov, ki bodo nekaj \u010dasa na ogled pred Galerijo me\u017enarijo.<\/p><div class=\"slideshow\"><div id=\"ngg_slideshow16813753\" class=\"ngg-slideshow owl-carousel\" style=\"max-width: px; max-height: px;\"><img data-recalc-dims=\"1\" decoding=\"async\" src=\"https:\/\/i0.wp.com\/www.kdfjm.si\/wp-content\/gallery\/mozaiki-na-oratoriju-20112\/20110713-JSM_2728.jpg?ssl=1\" alt=\"20110713-JSM_2728\" style=\"max-width: px; max-height: px; width: auto; height:auto; margin:auto\"><img data-recalc-dims=\"1\" decoding=\"async\" src=\"https:\/\/i0.wp.com\/www.kdfjm.si\/wp-content\/gallery\/mozaiki-na-oratoriju-20112\/20110713-JSM_2730.jpg?ssl=1\" alt=\"20110713-JSM_2730\" style=\"max-width: px; max-height: px; width: auto; height:auto; margin:auto\"><img data-recalc-dims=\"1\" decoding=\"async\" src=\"https:\/\/i0.wp.com\/www.kdfjm.si\/wp-content\/gallery\/mozaiki-na-oratoriju-20112\/20110713-JSM_2734.jpg?ssl=1\" alt=\"20110713-JSM_2734\" style=\"max-width: px; max-height: px; width: auto; height:auto; margin:auto\"><img data-recalc-dims=\"1\" decoding=\"async\" src=\"https:\/\/i0.wp.com\/www.kdfjm.si\/wp-content\/gallery\/mozaiki-na-oratoriju-20112\/20110713-JSM_2736.jpg?ssl=1\" alt=\"20110713-JSM_2736\" style=\"max-width: px; max-height: px; width: auto; height:auto; margin:auto\"><img data-recalc-dims=\"1\" decoding=\"async\" src=\"https:\/\/i0.wp.com\/www.kdfjm.si\/wp-content\/gallery\/mozaiki-na-oratoriju-20112\/20110713-JSM_2739.jpg?ssl=1\" alt=\"20110713-JSM_2739\" style=\"max-width: px; max-height: px; width: auto; height:auto; margin:auto\"><img data-recalc-dims=\"1\" decoding=\"async\" src=\"https:\/\/i0.wp.com\/www.kdfjm.si\/wp-content\/gallery\/mozaiki-na-oratoriju-20112\/20110713-JSM_2740.jpg?ssl=1\" alt=\"20110713-JSM_2740\" style=\"max-width: px; max-height: px; width: auto; height:auto; margin:auto\"><img data-recalc-dims=\"1\" decoding=\"async\" src=\"https:\/\/i0.wp.com\/www.kdfjm.si\/wp-content\/gallery\/mozaiki-na-oratoriju-20112\/20110713-JSM_2741.jpg?ssl=1\" alt=\"20110713-JSM_2741\" style=\"max-width: px; max-height: px; width: auto; height:auto; margin:auto\"><\/div><\/div>\n\n<script type=\"text\/javascript\">jQuery(document).ready(function($) {\r\n\t\t\tvar owl = $('#ngg_slideshow16813753');\r\n\t\t\towl.owlCarousel({\r\n\t\t\t\titems: 1,\r\n\t\t\t\tautoHeight: false,\r\n\t            dots: true,\r\n\t            autoplay: true,\r\n\t\t\t\tautoplayTimeout: 3000,\r\n\t\t\t\tautoplayHoverPause: true,\r\n\t\t\t\tanimateIn: 'fadeIn',\r\n\t\t\t\tanimateOut: 'fadeOut',\r\n\t\t\t\tloop: true,\r\n\t\t\t\tmouseDrag: true,\r\n\t\t\t\ttouchDrag: true\r\n\t\t\t});\nowl.click( function () {\r\n                    owl.trigger( 'next.owl.carousel' );\r\n                } );});\n<\/script>","protected":false},"excerpt":{"rendered":"<p>V ponedeljek in torek, 11.7. in 12.7. 2011, smo z otroki na oratoriju izdelovali mozaike na pokrovih kanalizacijskih ja\u0161kov. Mozaike bomo namestili na ulice Meng\u0161a in tako nadaljevali idejo o galerijah na prostem, ki na izviren na\u010din lep\u0161ajo na\u0161 kraj. Z izdelovanjem mozaikov smo nadaljevali \u0161e v sredo in \u010detrtek, 13. in 14.7.2011, ko se [&hellip;]<\/p>\n","protected":false},"author":4,"featured_media":0,"comment_status":"closed","ping_status":"open","sticky":false,"template":"","format":"standard","meta":{"_jetpack_newsletter_access":"","_jetpack_dont_email_post_to_subs":false,"_jetpack_newsletter_tier_id":0,"_jetpack_memberships_contains_paywalled_content":false,"_jetpack_memberships_contains_paid_content":false,"footnotes":""},"categories":[1],"tags":[],"class_list":["post-1375","post","type-post","status-publish","format-standard","hentry","category-uncategorized"],"jetpack_featured_media_url":"","jetpack_sharing_enabled":true,"jetpack_shortlink":"https:\/\/wp.me\/p73nhm-mb","jetpack-related-posts":[],"_links":{"self":[{"href":"https:\/\/www.kdfjm.si\/index.php?rest_route=\/wp\/v2\/posts\/1375","targetHints":{"allow":["GET"]}}],"collection":[{"href":"https:\/\/www.kdfjm.si\/index.php?rest_route=\/wp\/v2\/posts"}],"about":[{"href":"https:\/\/www.kdfjm.si\/index.php?rest_route=\/wp\/v2\/types\/post"}],"author":[{"embeddable":true,"href":"https:\/\/www.kdfjm.si\/index.php?rest_route=\/wp\/v2\/users\/4"}],"replies":[{"embeddable":true,"href":"https:\/\/www.kdfjm.si\/index.php?rest_route=%2Fwp%2Fv2%2Fcomments&post=1375"}],"version-history":[{"count":9,"href":"https:\/\/www.kdfjm.si\/index.php?rest_route=\/wp\/v2\/posts\/1375\/revisions"}],"predecessor-version":[{"id":3420,"href":"https:\/\/www.kdfjm.si\/index.php?rest_route=\/wp\/v2\/posts\/1375\/revisions\/3420"}],"wp:attachment":[{"href":"https:\/\/www.kdfjm.si\/index.php?rest_route=%2Fwp%2Fv2%2Fmedia&parent=1375"}],"wp:term":[{"taxonomy":"category","embeddable":true,"href":"https:\/\/www.kdfjm.si\/index.php?rest_route=%2Fwp%2Fv2%2Fcategories&post=1375"},{"taxonomy":"post_tag","embeddable":true,"href":"https:\/\/www.kdfjm.si\/index.php?rest_route=%2Fwp%2Fv2%2Ftags&post=1375"}],"curies":[{"name":"wp","href":"https:\/\/api.w.org\/{rel}","templated":true}]}}